{"id":3960,"date":"2022-04-20T12:17:19","date_gmt":"2022-04-20T12:17:19","guid":{"rendered":"https:\/\/www.palazzovistarino.it\/ita\/?p=3960"},"modified":"2022-04-20T12:23:02","modified_gmt":"2022-04-20T12:23:02","slug":"sustainable-europe-spring-school-europea-a-palazzo-vistarino","status":"publish","type":"post","link":"https:\/\/www.palazzovistarino.it\/ita\/index.php\/2022\/04\/20\/sustainable-europe-spring-school-europea-a-palazzo-vistarino\/","title":{"rendered":"Sustainable Europe: Spring School europea a Palazzo Vistarino"},"content":{"rendered":"<p><img loading=\"lazy\" decoding=\"async\" class=\"size-full wp-image-3961 alignleft\" src=\"https:\/\/www.palazzovistarino.it\/ita\/wp-content\/uploads\/2022\/04\/SEPPI.jpeg\" alt=\"\" width=\"280\" height=\"180\" \/>Dal 20 al 24 aprile 2022\u00a0si tiene a Palazzo Vistarino l\u2019Erasmus Spring School dal titolo <strong><em>Sustainable Europe: Policy Proposals and Indicators. <\/em><\/strong>Coordinata dalla prof.ssa Enrica Chiappero, la Spring School riunisce all\u2019Universit\u00e0 di Pavia quaranta studenti di quattro diverse universit\u00e0 europee:\u00a0University of Applied Sciences Bochum,\u00a0University College Ghent,\u00a0University Castilla La Mancha in Albacete e Universit\u00e0 di Pavia.<\/p>\n<p>Un\u2019occasione unica per gli studenti selezionati, che avranno l\u2019opportunit\u00e0 di confrontarsi con studenti di altre universit\u00e0 europee e lavorare in modo innovativo, attivo e partecipativo. La Erasmus Spring School \u00e8 dedicata ai temi della sostenibilit\u00e0: gli studenti tratteranno di\u00a0cambiamento climatico, crescita economica inclusiva, quarta rivoluzione industriale, condizione giovanile, migrazioni. Saranno confrontati dati, esperienze e politiche relative a ciascuno dei Paesi rappresentati nella Scuola e si formuleranno interpretazioni e proposte per un nuovo modello di sviluppo sostenibile europeo. A coordinare i giovani saranno i docenti Enrica Chiappero (Unipv),\u00a0\u00a0Luc Van Ootegem e Elsy Verhofstadt dell\u2019Universit\u00e0 di Gent (Belgio), Maria Davia Rodriguez\u00a0dell\u2019Universit\u00e0 di Castilla La Mancha ad Albacete (Spagna), Tobias Kronenberg e Mi-Yong Becker dell\u2019Universit\u00e0 di Bochum (Germania).<\/p>\n<p><a href=\"https:\/\/www.palazzovistarino.it\/ita\/wp-content\/uploads\/2022\/04\/Programma-SEPPI2021_22.pdf\">Programma SEPPI2021_22<\/a><\/p>\n","protected":false},"excerpt":{"rendered":"Dal 20 al 24 aprile 2022\u00a0si tiene a Palazzo Vistarino l\u2019Erasmus Spring School dal titolo Sustainable Europe: Policy Proposals and Indicators. Coordinata dalla prof.ssa Enrica Chiappero, la Spring School riunisce all\u2019Universit\u00e0 di Pavia quaranta [...]","protected":false},"author":2,"featured_media":0,"comment_status":"closed","ping_status":"open","sticky":false,"template":"","format":"standard","meta":{"_et_pb_use_builder":"","_et_pb_old_content":"","_et_gb_content_width":"","footnotes":""},"categories":[3],"tags":[],"class_list":["post-3960","post","type-post","status-publish","format-standard","hentry","category-news"],"_links":{"self":[{"href":"https:\/\/www.palazzovistarino.it\/ita\/index.php\/wp-json\/wp\/v2\/posts\/3960","targetHints":{"allow":["GET"]}}],"collection":[{"href":"https:\/\/www.palazzovistarino.it\/ita\/index.php\/wp-json\/wp\/v2\/posts"}],"about":[{"href":"https:\/\/www.palazzovistarino.it\/ita\/index.php\/wp-json\/wp\/v2\/types\/post"}],"author":[{"embeddable":true,"href":"https:\/\/www.palazzovistarino.it\/ita\/index.php\/wp-json\/wp\/v2\/users\/2"}],"replies":[{"embeddable":true,"href":"https:\/\/www.palazzovistarino.it\/ita\/index.php\/wp-json\/wp\/v2\/comments?post=3960"}],"version-history":[{"count":5,"href":"https:\/\/www.palazzovistarino.it\/ita\/index.php\/wp-json\/wp\/v2\/posts\/3960\/revisions"}],"predecessor-version":[{"id":3968,"href":"https:\/\/www.palazzovistarino.it\/ita\/index.php\/wp-json\/wp\/v2\/posts\/3960\/revisions\/3968"}],"wp:attachment":[{"href":"https:\/\/www.palazzovistarino.it\/ita\/index.php\/wp-json\/wp\/v2\/media?parent=3960"}],"wp:term":[{"taxonomy":"category","embeddable":true,"href":"https:\/\/www.palazzovistarino.it\/ita\/index.php\/wp-json\/wp\/v2\/categories?post=3960"},{"taxonomy":"post_tag","embeddable":true,"href":"https:\/\/www.palazzovistarino.it\/ita\/index.php\/wp-json\/wp\/v2\/tags?post=3960"}],"curies":[{"name":"wp","href":"https:\/\/api.w.org\/{rel}","templated":true}]}}