{"id":3714,"date":"2020-07-10T14:50:01","date_gmt":"2020-07-10T14:50:01","guid":{"rendered":"https:\/\/www.palazzovistarino.it\/ita\/?p=3714"},"modified":"2020-07-28T13:49:37","modified_gmt":"2020-07-28T13:49:37","slug":"a-palazzo-vistarino-riprendono-le-attivita-didattiche-in-presenza-di-embat","status":"publish","type":"post","link":"https:\/\/www.palazzovistarino.it\/ita\/index.php\/2020\/07\/10\/a-palazzo-vistarino-riprendono-le-attivita-didattiche-in-presenza-di-embat\/","title":{"rendered":"A Palazzo Vistarino riprendono le attivit\u00e0 didattiche in presenza di eMBAT"},"content":{"rendered":"<p><img loading=\"lazy\" decoding=\"async\" class=\"size-medium wp-image-3657 alignleft\" src=\"https:\/\/www.palazzovistarino.it\/ita\/wp-content\/uploads\/2019\/07\/emba-ticinensis-seconda-edizione-300x200.jpg\" alt=\"\" width=\"300\" height=\"200\" srcset=\"https:\/\/www.palazzovistarino.it\/ita\/wp-content\/uploads\/2019\/07\/emba-ticinensis-seconda-edizione-300x200.jpg 300w, https:\/\/www.palazzovistarino.it\/ita\/wp-content\/uploads\/2019\/07\/emba-ticinensis-seconda-edizione-768x512.jpg 768w, https:\/\/www.palazzovistarino.it\/ita\/wp-content\/uploads\/2019\/07\/emba-ticinensis-seconda-edizione.jpg 900w\" sizes=\"(max-width: 300px) 100vw, 300px\" \/>Con un modulo dell&#8217;<a href=\"https:\/\/www.embaticinensis.eu\">executive MBA Ticinensis<\/a> in tema di innovazione &#8211; dalle organizzazione esponenziali all&#8217;iper-agilit\u00e0 strategica &#8211; Il 24 e 25 luglio riprendono a Palazzo Vistarino le attivit\u00e0 didattiche in presenza.<\/p>\n<p>La sala della Musica accoglie in tutta sicurezza docenti e allievi del <strong>Master in Business Administration<\/strong> organizzato dalla <a href=\"https:\/\/www.almamaterticinensis.eu\">Fondazione Alma Mater Ticinensis<\/a> e diretto dal prof. Stefano Denicolai.<\/p>\n<p>Massima attenzione al distanziamento fisico e al rispetto dei protocolli, ma anche tanta voglia di ripartire per un programma il cui focus \u00e8 &#8220;Guidare il cambiamento&#8221; e che \u00e8 basato sul confronto diretto tra manager, docenti ed esperti.<\/p>\n<p>&#8220;<i>Siamo uno dei primissimi Master in Italia a ripartire in presenza<\/i>&#8221; &#8211; dice il <strong>direttore Stefano Denicolai<\/strong> &#8211; &#8220;<i>e lo facciamo preservando il nostro DNA votato alla sperimentazione continua. Grazie a tecnologie avanzate in un contesto di prestigio, nonch\u00e9 facendo leva su un modello didattico progettato ad hoc per creare condizioni migliorative, anzich\u00e9 posticci temporanei, daremo la possibilit\u00e0 anche a chi preferisce seguire in remoto di fruire della stessa qualit\u00e0 didattica. Ci\u00f2 sar\u00e0 possibile anche grazie ad un &#8216;digital producer&#8217; che affiancher\u00e0 il docente nel garantire una didattica &#8216;smart&#8217; fluida, senza intoppi, che valorizza le opportunit\u00e0 offerte dalle nuove tecnologie<\/i>&#8220;.<\/p>\n<p><img loading=\"lazy\" decoding=\"async\" class=\"wp-image-3746 alignleft\" src=\"https:\/\/www.palazzovistarino.it\/ita\/wp-content\/uploads\/2020\/07\/embat-vistarino-2.jpg\" alt=\"\" width=\"275\" height=\"206\" \/><\/p>\n<p><i>La Fondazione Alma Mater Ticinensis &#8211; <\/i>dichiara il vicepresidente esecutivo\u00a0<span class=\"il\"><b>Birgit<\/b><\/span><b> Hagen<\/b>\u00a0<i>&#8211; \u00e8 orgogliosa di riaprire la propria sede di palazzo Vistarino e riprendere l&#8217;attivit\u00e0 didattica del Master in Business Administration. Si attua cos\u00ec pienamente la nostra mission di collaborazione con\u00a0l\u2019Ateneo e la comunit\u00e0 economica e sociale, in questo caso dedicata al trasferimento di conoscenze basate su ricerca innovativa di eccellenza, di cui oggi abbiamo grande necessit\u00e0<\/i><i>. La nostra sede di palazzo Vistarino, dotata di tecnologie innovative per distance learning,\u00a0 permette lo svolgimento ideale per gruppi misti in presenza\/a distanza\u201d.<\/i><\/p>\n","protected":false},"excerpt":{"rendered":"Con un modulo dell'executive MBA Ticinensis in tema di innovazione - dalle organizzazione esponenziali all'iper-agilit\u00e0 strategica - Il 24 e 25 luglio riprendono a Palazzo Vistarino le attivit\u00e0 didattiche in presenza.\r\n\r\nLa sala della Musica [...]","protected":false},"author":2,"featured_media":0,"comment_status":"closed","ping_status":"open","sticky":false,"template":"","format":"standard","meta":{"_et_pb_use_builder":"","_et_pb_old_content":"","_et_gb_content_width":"","footnotes":""},"categories":[3],"tags":[],"class_list":["post-3714","post","type-post","status-publish","format-standard","hentry","category-news"],"_links":{"self":[{"href":"https:\/\/www.palazzovistarino.it\/ita\/index.php\/wp-json\/wp\/v2\/posts\/3714","targetHints":{"allow":["GET"]}}],"collection":[{"href":"https:\/\/www.palazzovistarino.it\/ita\/index.php\/wp-json\/wp\/v2\/posts"}],"about":[{"href":"https:\/\/www.palazzovistarino.it\/ita\/index.php\/wp-json\/wp\/v2\/types\/post"}],"author":[{"embeddable":true,"href":"https:\/\/www.palazzovistarino.it\/ita\/index.php\/wp-json\/wp\/v2\/users\/2"}],"replies":[{"embeddable":true,"href":"https:\/\/www.palazzovistarino.it\/ita\/index.php\/wp-json\/wp\/v2\/comments?post=3714"}],"version-history":[{"count":7,"href":"https:\/\/www.palazzovistarino.it\/ita\/index.php\/wp-json\/wp\/v2\/posts\/3714\/revisions"}],"predecessor-version":[{"id":3748,"href":"https:\/\/www.palazzovistarino.it\/ita\/index.php\/wp-json\/wp\/v2\/posts\/3714\/revisions\/3748"}],"wp:attachment":[{"href":"https:\/\/www.palazzovistarino.it\/ita\/index.php\/wp-json\/wp\/v2\/media?parent=3714"}],"wp:term":[{"taxonomy":"category","embeddable":true,"href":"https:\/\/www.palazzovistarino.it\/ita\/index.php\/wp-json\/wp\/v2\/categories?post=3714"},{"taxonomy":"post_tag","embeddable":true,"href":"https:\/\/www.palazzovistarino.it\/ita\/index.php\/wp-json\/wp\/v2\/tags?post=3714"}],"curies":[{"name":"wp","href":"https:\/\/api.w.org\/{rel}","templated":true}]}}